{"id":642,"date":"2025-06-17T08:52:33","date_gmt":"2025-06-17T08:52:33","guid":{"rendered":"https:\/\/www.seguridadpaciente.com\/2025\/?p=642"},"modified":"2025-06-17T08:54:18","modified_gmt":"2025-06-17T08:54:18","slug":"asi-fue-la-xvii-jornada-de-seguridad-del-paciente-en-atencion-primaria-celebrada-el-3-de-junio-de-2025-en-madrid","status":"publish","type":"post","link":"https:\/\/www.seguridadpaciente.com\/2025\/uncategorized\/asi-fue-la-xvii-jornada-de-seguridad-del-paciente-en-atencion-primaria-celebrada-el-3-de-junio-de-2025-en-madrid\/","title":{"rendered":"As\u00ed fue la XVII Jornada de Seguridad del Paciente en Atenci\u00f3n Primaria, celebrada el 3 de junio de 2025 en Madrid"},"content":{"rendered":"<p><img fetchpriority=\"high\" decoding=\"async\" class=\"alignleft wp-image-643\" src=\"https:\/\/www.seguridadpaciente.com\/2025\/wp-content\/uploads\/2025\/06\/Cartel_XVII-jornada-SEGPACAP-719x1024.jpg\" alt=\"\" width=\"500\" height=\"712\" srcset=\"https:\/\/www.seguridadpaciente.com\/2025\/wp-content\/uploads\/2025\/06\/Cartel_XVII-jornada-SEGPACAP-719x1024.jpg 719w, https:\/\/www.seguridadpaciente.com\/2025\/wp-content\/uploads\/2025\/06\/Cartel_XVII-jornada-SEGPACAP-211x300.jpg 211w, https:\/\/www.seguridadpaciente.com\/2025\/wp-content\/uploads\/2025\/06\/Cartel_XVII-jornada-SEGPACAP-768x1094.jpg 768w, https:\/\/www.seguridadpaciente.com\/2025\/wp-content\/uploads\/2025\/06\/Cartel_XVII-jornada-SEGPACAP-1078x1536.jpg 1078w, https:\/\/www.seguridadpaciente.com\/2025\/wp-content\/uploads\/2025\/06\/Cartel_XVII-jornada-SEGPACAP-1438x2048.jpg 1438w, https:\/\/www.seguridadpaciente.com\/2025\/wp-content\/uploads\/2025\/06\/Cartel_XVII-jornada-SEGPACAP-scaled.jpg 1797w\" sizes=\"(max-width: 500px) 100vw, 500px\" \/>El pasado 3 de junio se ha celebrado en Madrid, en el pabell\u00f3n docente del Hospital Cl\u00ednico San Carlos, la <a href=\"https:\/\/www.seguridadpaciente.com\/2025\/\" target=\"_blank\" rel=\"noopener\">XVII Jornada de Seguridad del Paciente en Atenci\u00f3n Primaria<\/a>. El lema elegido en esta ocasi\u00f3n, \u201cLa longitudinalidad, un factor clave para la seguridad del paciente\u00bb, ha pretendido poner de relieve las amenazas que actualmente acechan a la longitudinalidad y qu\u00e9 hacer para contrarrestarlas.<\/p>\n<p>La jornada, coorganizada por la Sociedad Espa\u00f1ola de Medicina Familiar y Comunitaria (semFYC), la Sociedad Espa\u00f1ola de Calidad Asistencial (SECA), la Federaci\u00f3n de Asociaciones de Enfermer\u00eda Comunitaria y de Atenci\u00f3n Primaria (FAECAP), la Sociedad Espa\u00f1ola de Farmac\u00e9uticos de Atenci\u00f3n Primaria (SEFAP), la Asociaci\u00f3n Espa\u00f1ola de Pediatr\u00eda de Atenci\u00f3n Primaria (AEPap), la Sociedad Espa\u00f1ola de Pediatr\u00eda Extrahospitalaria y Atenci\u00f3n Primaria (SEPEAP) y el Ministerio de Sanidad, ha contado con una notable asistencia de profesionales y con el mayor n\u00famero de comunicaciones presentadas desde su primera edici\u00f3n en el a\u00f1o 2008.<\/p>\n<p>La mesa de inauguraci\u00f3n, moderada por Esther Nieto, presidenta de la FAECAP, cont\u00f3 con la presencia de Mar\u00eda Fern\u00e1ndez, subdirectora general de calidad de la Direcci\u00f3n General de Salud P\u00fablica y Equidad en Salud, del Ministerio de Sanidad; C\u00e9sar G\u00f3mez, Director Gerente Hospital Cl\u00ednico San Carlos; Inmaculada Mediavilla, presidenta de la SECA; M.\u00aa Carmen S\u00e1nchez, secretaria general de la SEPEAP, y Edurne Ciriza, pediatra de atenci\u00f3n primaria y coordinadora del grupo de trabajo de investigaci\u00f3n de la AEPap. Tras agradecer la presencia a todos los asistentes, Esther Nieto explic\u00f3 brevemente los contenidos de la jornada y fue dando turno de palabra a los integrantes de la mesa, que destacaron la importancia de la longitudinalidad y del trabajo en equipo en el primer nivel asistencial.<\/p>\n<p>A continuaci\u00f3n, Teresa Mart\u00edn Melgarejo, periodista y presidenta de la Asociaci\u00f3n de Usuarios de Sanidad de la Regi\u00f3n de Murcia, moder\u00f3 la mesa de debate en la que hubo consenso sobre el valor que tiene la longitudinalidad para la seguridad y la calidad de la asistencia, pero quedaron patentes las diferentes opiniones y perspectivas sobre c\u00f3mo potenciar los beneficios de la atenci\u00f3n longitudinal. Los integrantes de esta mesa fueron Javier Padilla, m\u00e9dico de familia y secretario de Estado de Sanidad; Mar\u00eda Isabel Baena, farmac\u00e9utica de salud p\u00fablica del Servicio Andaluz de Salud y ex viceconsejera de la Consejer\u00eda de Salud de Andaluc\u00eda; y Laura Iglesias, doctora y enfermera especialista en atenci\u00f3n familiar y comunitaria.<\/p>\n<p>El debate se centr\u00f3 en torno a las barreras estructurales que amenazan la longitudinalidad, especialmente las que tienen que ver con la pol\u00edtica de recursos humanos y las decisiones de los gestores sanitarios, la insuficiente financiaci\u00f3n del primer nivel asistencial, el desconocimiento de los beneficios de la longitudinalidad en atenci\u00f3n primaria por parte de la ciudadan\u00eda y la deriva hacia una atenci\u00f3n excesivamente centrada en episodios puntuales. Se trataron aspectos tales como el cambio cultural y de prioridades de los profesionales j\u00f3venes y la falta de una definici\u00f3n precisa y reconocida del t\u00e9rmino \u00ablongitudinalidad\u00bb, que hasta la fecha no est\u00e1 incluido en el diccionario de la lengua espa\u00f1ola ni en ning\u00fan diccionario de t\u00e9rminos m\u00e9dicos.<\/p>\n<p>El trabajo en equipo, la estabilidad de los profesionales que componen el equipo b\u00e1sico de atenci\u00f3n primaria, la informaci\u00f3n y educaci\u00f3n sanitaria de la poblaci\u00f3n, la incentivaci\u00f3n de una atenci\u00f3n no fragmentada, son factores que tambi\u00e9n estuvieron muy presentes en este debate.<\/p>\n<p>Como en a\u00f1os anteriores, los objetivos principales de esta jornada son proporcionar un espacio en el que los profesionales puedan debatir y compartir experiencias relacionadas con la seguridad del paciente, as\u00ed como promover e incentivar la participaci\u00f3n y el compromiso de los profesionales de atenci\u00f3n primaria con la calidad y la seguridad.<\/p>\n<p>Por eso, a\u00f1o tras a\u00f1o, la parte nuclear de la jornada est\u00e1 dedicada a la presentaci\u00f3n de comunicaciones orales por los profesionales. En esta ocasi\u00f3n se han recibido un total de 152 comunicaciones, y se han aceptado 120: 73 casos que ense\u00f1an, 25 experiencias para la mejora, 11 estudios originales y 11 proyectos de investigaci\u00f3n. El volumen de comunicaciones presentadas y de profesionales asistentes de diferentes comunidades aut\u00f3nomas son reflejo del inter\u00e9s y el compromiso de los equipos de atenci\u00f3n primaria con la mejora continua de la calidad asistencial y, muy especialmente, con la seguridad del paciente.<\/p>\n<p>Miguel Melguizo, m\u00e9dico de familia jubilado tras una larga e intensa trayectoria de m\u00e1s de 35 a\u00f1os de trabajo en el mismo centro de salud, en Granada, realiz\u00f3 la conferencia de clausura. A trav\u00e9s de algunas de sus vivencias profesionales dej\u00f3 constancia de los efectos protectores de la longitudinalidad para la salud de los pacientes, y tambi\u00e9n para la de los propios profesionales, se\u00f1alando que \u00abel tiempo mantenido con el paciente no sirve de nada si no se crea un v\u00ednculo con \u00e9l, con una visi\u00f3n integral y polivalente de la atenci\u00f3n prestada\u00bb.<\/p>\n<p><iframe style=\"border: 1px solid #CCC; border-width: 1px; margin-bottom: 5px; max-width: 100%;\" src=\"https:\/\/www.slideshare.net\/slideshow\/embed_code\/key\/1JtK5h7KBzSqQ9?startSlide=1\" width=\"597\" height=\"486\" frameborder=\"0\" marginwidth=\"0\" marginheight=\"0\" scrolling=\"no\" allowfullscreen=\"allowfullscreen\"><\/iframe><\/p>\n<p style=\"text-align: center;\"><b><a href=\"https:\/\/es.slideshare.net\/slideshow\/la-longitudinalidad-en-la-comunidadf-en-la-docencia-y-en-el-eap-pdf\/280414768\" target=\"_blank\" rel=\"noopener\">Conferencia de clausura de la XVII Jornada de Seguridad del Paciente en Atenci\u00f3n Primaria, 3 junio 2024, Madrid<\/a><\/b><\/p>\n<p>Jos\u00e9 \u00c1ngel Maderuelo, copresidente del comit\u00e9 cient\u00edfico junto a Elvira Eva Moreno, present\u00f3 el resumen cient\u00edfico de la jornada. Mar\u00eda Jos\u00e9 Calvo, subdirectora General de Farmacia de la Consejer\u00eda de Sanidad de la Comunidad de Madrid, y Alberto Pardo, subdirector General de Calidad Asistencial de la misma Consejer\u00eda, se encargaron de cerrar el evento, no sin antes realizar la entrega de los \u201cPremios Fernando Palacio\u201d a las tres mejores comunicaciones:<\/p>\n<ul>\n<li>Mejor comunicaci\u00f3n larga: \u00abRevisi\u00f3n cl\u00ednica de la medicaci\u00f3n en personas que viven en residencias sociosanitarias en nuestra zona b\u00e1sica de Salud\u00bb, defendida por In\u00e9s Sebasti\u00e1n S\u00e1nchez, Centro de Salud Universitas, Sector Zaragoza III, Servicio Aragon\u00e9s de Salud.<\/li>\n<li>Mejor comunicaci\u00f3n corta: \u00abSexo e hipertensi\u00f3n\u00bb, presentada por In\u00e9s Moreno Unzurunzaga, Centro de Salud Mon\u00f3var, Servicio Madrile\u00f1o de Salud.<\/li>\n<li>Mejor caso que ense\u00f1a (presentado por profesionales en formaci\u00f3n): \u00abArtritis secundaria a tirzepatida\u00bb, defendido por Esperanza Mart\u00edn Correa, CAP Passeig Maragall, EAP Congres, Institut Catal\u00e0 de la Salut.<\/li>\n<\/ul>\n<p>Finalizada la mesa de clausura, y ya en horario de tarde, se desarrollaron los cuatro talleres:<\/p>\n<ul>\n<li>Taller 1. El FAP como parte del equipo para el uso seguro de la medicaci\u00f3n y longitudinalidad en la atenci\u00f3n sanitaria.<\/li>\n<li>Taller 2. Herramientas de inteligencia artificial en atenci\u00f3n primaria: precisi\u00f3n, eficiencia y seguridad.<\/li>\n<li>Taller 3. Seguridad del adolescente en la transici\u00f3n de la atenci\u00f3n pedi\u00e1trica a la medicina y enfermer\u00eda de familia.<\/li>\n<li>Taller 4. Longitudinalidad, \u00bfd\u00f3nde te encuentras?<\/li>\n<\/ul>\n<p>Desde Sano y salvo felicitamos a todas las personas implicadas en la organizaci\u00f3n y desarrollo de esta jornada, que a\u00f1o tras a\u00f1o sigue consolid\u00e1ndose como un espacio esencial para el intercambio de conocimiento y la mejora de la seguridad en atenci\u00f3n primaria.<\/p>\n<hr \/>\n<p>&nbsp;<\/p>\n<p><i>+ info<\/i>:\u00a0<a href=\"https:\/\/sano-y-salvo.blogspot.com\/2025\/06\/asi-fue-la-xvii-jornada-de-seguridad.html\" target=\"_blank\" rel=\"noopener\">https:\/\/sano-y-salvo.blogspot.com\/2025\/06\/asi-fue-la-xvii-jornada-de-seguridad.html<\/a><\/p>\n<p><i>Publicado por <a href=\"https:\/\/x.com\/sanoysalvoblog\" target=\"_blank\" rel=\"noopener\">Sano y salvo<\/a><\/i><\/p>\n","protected":false},"excerpt":{"rendered":"<p>El pasado 3 de junio se ha celebrado en Madrid, en el pabell\u00f3n docente del Hospital Cl\u00ednico San Carlos, la XVII Jornada de Seguridad del Paciente en Atenci\u00f3n Primaria. El lema elegido en esta ocasi\u00f3n, \u201cLa longitudinalidad, un factor clave para la seguridad del paciente\u00bb, ha pretendido poner de relieve las amenazas que actualmente acechan [&hellip;]<\/p>\n","protected":false},"author":1,"featured_media":643,"comment_status":"open","ping_status":"open","sticky":false,"template":"","format":"standard","meta":{"ocean_post_layout":"","ocean_both_sidebars_style":"","ocean_both_sidebars_content_width":0,"ocean_both_sidebars_sidebars_width":0,"ocean_sidebar":"0","ocean_second_sidebar":"0","ocean_disable_margins":"enable","ocean_add_body_class":"","ocean_shortcode_before_top_bar":"","ocean_shortcode_after_top_bar":"","ocean_shortcode_before_header":"","ocean_shortcode_after_header":"","ocean_has_shortcode":"","ocean_shortcode_after_title":"","ocean_shortcode_before_footer_widgets":"","ocean_shortcode_after_footer_widgets":"","ocean_shortcode_before_footer_bottom":"","ocean_shortcode_after_footer_bottom":"","ocean_display_top_bar":"default","ocean_display_header":"default","ocean_header_style":"","ocean_center_header_left_menu":"0","ocean_custom_header_template":"0","ocean_custom_logo":0,"ocean_custom_retina_logo":0,"ocean_custom_logo_max_width":0,"ocean_custom_logo_tablet_max_width":0,"ocean_custom_logo_mobile_max_width":0,"ocean_custom_logo_max_height":0,"ocean_custom_logo_tablet_max_height":0,"ocean_custom_logo_mobile_max_height":0,"ocean_header_custom_menu":"0","ocean_menu_typo_font_family":"0","ocean_menu_typo_font_subset":"","ocean_menu_typo_font_size":0,"ocean_menu_typo_font_size_tablet":0,"ocean_menu_typo_font_size_mobile":0,"ocean_menu_typo_font_size_unit":"px","ocean_menu_typo_font_weight":"","ocean_menu_typo_font_weight_tablet":"","ocean_menu_typo_font_weight_mobile":"","ocean_menu_typo_transform":"","ocean_menu_typo_transform_tablet":"","ocean_menu_typo_transform_mobile":"","ocean_menu_typo_line_height":0,"ocean_menu_typo_line_height_tablet":0,"ocean_menu_typo_line_height_mobile":0,"ocean_menu_typo_line_height_unit":"","ocean_menu_typo_spacing":0,"ocean_menu_typo_spacing_tablet":0,"ocean_menu_typo_spacing_mobile":0,"ocean_menu_typo_spacing_unit":"","ocean_menu_link_color":"","ocean_menu_link_color_hover":"","ocean_menu_link_color_active":"","ocean_menu_link_background":"","ocean_menu_link_hover_background":"","ocean_menu_link_active_background":"","ocean_menu_social_links_bg":"","ocean_menu_social_hover_links_bg":"","ocean_menu_social_links_color":"","ocean_menu_social_hover_links_color":"","ocean_disable_title":"default","ocean_disable_heading":"default","ocean_post_title":"","ocean_post_subheading":"","ocean_post_title_style":"","ocean_post_title_background_color":"","ocean_post_title_background":0,"ocean_post_title_bg_image_position":"","ocean_post_title_bg_image_attachment":"","ocean_post_title_bg_image_repeat":"","ocean_post_title_bg_image_size":"","ocean_post_title_height":0,"ocean_post_title_bg_overlay":0.5,"ocean_post_title_bg_overlay_color":"","ocean_disable_breadcrumbs":"default","ocean_breadcrumbs_color":"","ocean_breadcrumbs_separator_color":"","ocean_breadcrumbs_links_color":"","ocean_breadcrumbs_links_hover_color":"","ocean_display_footer_widgets":"default","ocean_display_footer_bottom":"default","ocean_custom_footer_template":"0","ocean_post_oembed":"","ocean_post_self_hosted_media":"","ocean_post_video_embed":"","ocean_link_format":"","ocean_link_format_target":"self","ocean_quote_format":"","ocean_quote_format_link":"post","ocean_gallery_link_images":"on","ocean_gallery_id":[],"footnotes":""},"categories":[1],"tags":[],"class_list":["post-642","post","type-post","status-publish","format-standard","has-post-thumbnail","hentry","category-uncategorized","entry","has-media"],"_links":{"self":[{"href":"https:\/\/www.seguridadpaciente.com\/2025\/wp-json\/wp\/v2\/posts\/642","targetHints":{"allow":["GET"]}}],"collection":[{"href":"https:\/\/www.seguridadpaciente.com\/2025\/wp-json\/wp\/v2\/posts"}],"about":[{"href":"https:\/\/www.seguridadpaciente.com\/2025\/wp-json\/wp\/v2\/types\/post"}],"author":[{"embeddable":true,"href":"https:\/\/www.seguridadpaciente.com\/2025\/wp-json\/wp\/v2\/users\/1"}],"replies":[{"embeddable":true,"href":"https:\/\/www.seguridadpaciente.com\/2025\/wp-json\/wp\/v2\/comments?post=642"}],"version-history":[{"count":2,"href":"https:\/\/www.seguridadpaciente.com\/2025\/wp-json\/wp\/v2\/posts\/642\/revisions"}],"predecessor-version":[{"id":645,"href":"https:\/\/www.seguridadpaciente.com\/2025\/wp-json\/wp\/v2\/posts\/642\/revisions\/645"}],"wp:featuredmedia":[{"embeddable":true,"href":"https:\/\/www.seguridadpaciente.com\/2025\/wp-json\/wp\/v2\/media\/643"}],"wp:attachment":[{"href":"https:\/\/www.seguridadpaciente.com\/2025\/wp-json\/wp\/v2\/media?parent=642"}],"wp:term":[{"taxonomy":"category","embeddable":true,"href":"https:\/\/www.seguridadpaciente.com\/2025\/wp-json\/wp\/v2\/categories?post=642"},{"taxonomy":"post_tag","embeddable":true,"href":"https:\/\/www.seguridadpaciente.com\/2025\/wp-json\/wp\/v2\/tags?post=642"}],"curies":[{"name":"wp","href":"https:\/\/api.w.org\/{rel}","templated":true}]}}