{"id":1,"date":"2025-04-07T10:00:49","date_gmt":"2025-04-07T10:00:49","guid":{"rendered":"https:\/\/www.seguridadpaciente.com\/2025\/?p=1"},"modified":"2025-04-07T12:08:02","modified_gmt":"2025-04-07T12:08:02","slug":"xvii-jornada-de-seguridad-del-paciente-en-atencion-primaria-madrid-3-de-junio-de-2025","status":"publish","type":"post","link":"https:\/\/www.seguridadpaciente.com\/2025\/uncategorized\/xvii-jornada-de-seguridad-del-paciente-en-atencion-primaria-madrid-3-de-junio-de-2025\/","title":{"rendered":"XVII Jornada de Seguridad del Paciente en Atenci\u00f3n Primaria. Madrid, 3 de junio de 2025"},"content":{"rendered":"<p><img fetchpriority=\"high\" decoding=\"async\" class=\"alignleft wp-image-353 size-full\" src=\"https:\/\/www.seguridadpaciente.com\/2025\/wp-content\/uploads\/2025\/02\/SEGPAC_430x430.jpg\" alt=\"\" width=\"430\" height=\"430\" srcset=\"https:\/\/www.seguridadpaciente.com\/2025\/wp-content\/uploads\/2025\/02\/SEGPAC_430x430.jpg 430w, https:\/\/www.seguridadpaciente.com\/2025\/wp-content\/uploads\/2025\/02\/SEGPAC_430x430-300x300.jpg 300w, https:\/\/www.seguridadpaciente.com\/2025\/wp-content\/uploads\/2025\/02\/SEGPAC_430x430-150x150.jpg 150w\" sizes=\"(max-width: 430px) 100vw, 430px\" \/>\u201cLa atenci\u00f3n longitudinal, un factor clave para la seguridad del paciente\u201d, es el lema de la\u00a0<a href=\"https:\/\/www.seguridadpaciente.com\/2025\/\" target=\"_blank\" rel=\"noopener\">XVII Jornada de Seguridad del Paciente en Atenci\u00f3n Primaria<\/a>\u00a0que tendr\u00e1 lugar el pr\u00f3ximo martes 3 de junio en Madrid, en el pabell\u00f3n docente del Hospital Cl\u00ednico San Carlos.<\/p>\n<p>La jornada est\u00e1 coorganizada por la Sociedad Espa\u00f1ola de Medicina Familiar y Comunitaria (semFYC), la Sociedad Espa\u00f1ola de Calidad Asistencial (SECA), la Federaci\u00f3n de Asociaciones de Enfermer\u00eda Comunitaria y de Atenci\u00f3n Primaria (FAECAP), la Sociedad Espa\u00f1ola de Farmac\u00e9uticos de Atenci\u00f3n Primaria (SEFAP), la Asociaci\u00f3n Espa\u00f1ola de Pediatr\u00eda de Atenci\u00f3n Primaria (AEPap), la Sociedad Espa\u00f1ola de Pediatr\u00eda Extrahospitalaria y Atenci\u00f3n Primaria (SEPEAP) y el Ministerio de Sanidad.<\/p>\n<p>Una vez m\u00e1s, y son ya diecisiete ediciones desde su inicio en el a\u00f1o 2008, los profesionales de atenci\u00f3n primaria nos reuniremos para compartir, analizar y debatir buenas pr\u00e1cticas y proyectos dirigidos a mejorar la seguridad del paciente. En la p\u00e1gina web de la jornada pod\u00e9is consultar toda la informaci\u00f3n y acceder al <a href=\"https:\/\/www.seguridadpaciente.com\/2025\/inscripciones\/\" target=\"_blank\" rel=\"noopener\">formulario de inscripci\u00f3n<\/a>.<\/p>\n<p>En esta ocasi\u00f3n ponemos el foco en la importancia de la longitudinalidad, un atributo esencial de la atenci\u00f3n primaria que ha demostrado mejorar la calidad y seguridad de la asistencia. La evidencia disponible hasta el momento muestra que la atenci\u00f3n longitudinal prestada por el m\u00e9dico de familia evita el sobrediagn\u00f3stico, la medicalizaci\u00f3n y los eventos adversos derivados de la sobreexposici\u00f3n a pruebas y tratamientos innecesarios, y que reduce las derivaciones a los especialistas del segundo nivel, las visitas a los servicios de urgencias, los ingresos hospitalarios y la mortalidad.<\/p>\n<p>Hablaremos de los beneficios de la longitudinalidad y debatiremos sobre las amenazas que la acechan, como los modelos de atenci\u00f3n basados en agendas fragmentadas o en equipos que no garantizan un profesional de referencia, la externalizaci\u00f3n de determinados servicios \u2014atenci\u00f3n continuada, atenci\u00f3n urgente e incluso atenci\u00f3n domiciliaria\u2014, la gesti\u00f3n deficiente de recursos humanos, la implementaci\u00f3n o aplicaci\u00f3n inadecuada de las nuevas tecnolog\u00edas y herramientas digitales,\u00a0etc.<\/p>\n<p>Os animamos a compartir vuestros trabajos y experiencias en torno al lema de la jornada. El plazo para el env\u00edo de comunicaciones\u00a0est\u00e1 abierto y finaliza el 15 de abril. Son cuatro las\u00a0<a href=\"https:\/\/www.seguridadpaciente.com\/2025\/xvi-jornada-de-seguridad-del-paciente-en-atencion-primaria-normas-de-envio\/\" target=\"_blank\" rel=\"noopener\">modalidades de comunicaciones<\/a>\u00a0que se pueden enviar:<\/p>\n<ol>\n<li>Originales\/ Estudios sobre la seguridad del paciente<\/li>\n<li>Experiencias para la mejora de la seguridad del paciente<\/li>\n<li>Casos que ense\u00f1an<\/li>\n<li>Proyectos de mejora sobre seguridad del paciente<\/li>\n<\/ol>\n<p>Adem\u00e1s de presentar vuestras propias comunicaciones, pod\u00e9is\u00a0inscribiros y participar en uno de los <a href=\"https:\/\/www.seguridadpaciente.com\/2025\/programa\/\" target=\"_blank\" rel=\"noopener\">talleres<\/a>\u00a0que se desarrollar\u00e1n al final de la jornada:<\/p>\n<ul>\n<li>Taller 1. El farmac\u00e9utico de atenci\u00f3n primaria como parte del equipo para el uso seguro de la medicaci\u00f3n y la longitudinalidad de la atenci\u00f3n sanitaria.<\/li>\n<li>Taller 2. Herramientas de inteligencia artificial en atenci\u00f3n primaria: precisi\u00f3n, eficiencia y seguridad.<\/li>\n<li>Taller 3. Seguridad del adolescente en la transici\u00f3n de la atenci\u00f3n pedi\u00e1trica a la medicina y enfermer\u00eda de familia.<\/li>\n<li>Taller 4. Longitudinalidad, \u00bfd\u00f3nde te encuentras?<\/li>\n<\/ul>\n<p>\u00a1Os animamos a participar!<\/p>\n<p>&nbsp;<\/p>\n<hr \/>\n<p>&nbsp;<\/p>\n<p><i>+ info<\/i>:\u00a0<a href=\"https:\/\/www.seguridadpaciente.com\/2025\/\" target=\"_blank\" rel=\"noopener\">https:\/\/www.seguridadpaciente.com\/2025\/<\/a><\/p>\n<p><i>Publicado por <a href=\"https:\/\/x.com\/sanoysalvoblog\" target=\"_blank\" rel=\"noopener\">Sano y salvo<\/a><\/i><\/p>\n","protected":false},"excerpt":{"rendered":"<p>\u201cLa atenci\u00f3n longitudinal, un factor clave para la seguridad del paciente\u201d, es el lema de la\u00a0XVII Jornada de Seguridad del Paciente en Atenci\u00f3n Primaria\u00a0que tendr\u00e1 lugar el pr\u00f3ximo martes 3 de junio en Madrid, en el pabell\u00f3n docente del Hospital Cl\u00ednico San Carlos. La jornada est\u00e1 coorganizada por la Sociedad Espa\u00f1ola de Medicina Familiar y [&hellip;]<\/p>\n","protected":false},"author":1,"featured_media":353,"comment_status":"open","ping_status":"open","sticky":false,"template":"","format":"standard","meta":{"ocean_post_layout":"","ocean_both_sidebars_style":"","ocean_both_sidebars_content_width":0,"ocean_both_sidebars_sidebars_width":0,"ocean_sidebar":"0","ocean_second_sidebar":"0","ocean_disable_margins":"enable","ocean_add_body_class":"","ocean_shortcode_before_top_bar":"","ocean_shortcode_after_top_bar":"","ocean_shortcode_before_header":"","ocean_shortcode_after_header":"","ocean_has_shortcode":"","ocean_shortcode_after_title":"","ocean_shortcode_before_footer_widgets":"","ocean_shortcode_after_footer_widgets":"","ocean_shortcode_before_footer_bottom":"","ocean_shortcode_after_footer_bottom":"","ocean_display_top_bar":"default","ocean_display_header":"default","ocean_header_style":"","ocean_center_header_left_menu":"0","ocean_custom_header_template":"0","ocean_custom_logo":0,"ocean_custom_retina_logo":0,"ocean_custom_logo_max_width":0,"ocean_custom_logo_tablet_max_width":0,"ocean_custom_logo_mobile_max_width":0,"ocean_custom_logo_max_height":0,"ocean_custom_logo_tablet_max_height":0,"ocean_custom_logo_mobile_max_height":0,"ocean_header_custom_menu":"0","ocean_menu_typo_font_family":"0","ocean_menu_typo_font_subset":"","ocean_menu_typo_font_size":0,"ocean_menu_typo_font_size_tablet":0,"ocean_menu_typo_font_size_mobile":0,"ocean_menu_typo_font_size_unit":"px","ocean_menu_typo_font_weight":"","ocean_menu_typo_font_weight_tablet":"","ocean_menu_typo_font_weight_mobile":"","ocean_menu_typo_transform":"","ocean_menu_typo_transform_tablet":"","ocean_menu_typo_transform_mobile":"","ocean_menu_typo_line_height":0,"ocean_menu_typo_line_height_tablet":0,"ocean_menu_typo_line_height_mobile":0,"ocean_menu_typo_line_height_unit":"","ocean_menu_typo_spacing":0,"ocean_menu_typo_spacing_tablet":0,"ocean_menu_typo_spacing_mobile":0,"ocean_menu_typo_spacing_unit":"","ocean_menu_link_color":"","ocean_menu_link_color_hover":"","ocean_menu_link_color_active":"","ocean_menu_link_background":"","ocean_menu_link_hover_background":"","ocean_menu_link_active_background":"","ocean_menu_social_links_bg":"","ocean_menu_social_hover_links_bg":"","ocean_menu_social_links_color":"","ocean_menu_social_hover_links_color":"","ocean_disable_title":"default","ocean_disable_heading":"default","ocean_post_title":"","ocean_post_subheading":"","ocean_post_title_style":"","ocean_post_title_background_color":"","ocean_post_title_background":0,"ocean_post_title_bg_image_position":"","ocean_post_title_bg_image_attachment":"","ocean_post_title_bg_image_repeat":"","ocean_post_title_bg_image_size":"","ocean_post_title_height":0,"ocean_post_title_bg_overlay":0.5,"ocean_post_title_bg_overlay_color":"","ocean_disable_breadcrumbs":"default","ocean_breadcrumbs_color":"","ocean_breadcrumbs_separator_color":"","ocean_breadcrumbs_links_color":"","ocean_breadcrumbs_links_hover_color":"","ocean_display_footer_widgets":"default","ocean_display_footer_bottom":"default","ocean_custom_footer_template":"154","ocean_post_oembed":"","ocean_post_self_hosted_media":"","ocean_post_video_embed":"","ocean_link_format":"","ocean_link_format_target":"self","ocean_quote_format":"","ocean_quote_format_link":"post","ocean_gallery_link_images":"on","ocean_gallery_id":[],"footnotes":""},"categories":[1],"tags":[],"class_list":["post-1","post","type-post","status-publish","format-standard","has-post-thumbnail","hentry","category-uncategorized","entry","has-media"],"_links":{"self":[{"href":"https:\/\/www.seguridadpaciente.com\/2025\/wp-json\/wp\/v2\/posts\/1","targetHints":{"allow":["GET"]}}],"collection":[{"href":"https:\/\/www.seguridadpaciente.com\/2025\/wp-json\/wp\/v2\/posts"}],"about":[{"href":"https:\/\/www.seguridadpaciente.com\/2025\/wp-json\/wp\/v2\/types\/post"}],"author":[{"embeddable":true,"href":"https:\/\/www.seguridadpaciente.com\/2025\/wp-json\/wp\/v2\/users\/1"}],"replies":[{"embeddable":true,"href":"https:\/\/www.seguridadpaciente.com\/2025\/wp-json\/wp\/v2\/comments?post=1"}],"version-history":[{"count":7,"href":"https:\/\/www.seguridadpaciente.com\/2025\/wp-json\/wp\/v2\/posts\/1\/revisions"}],"predecessor-version":[{"id":595,"href":"https:\/\/www.seguridadpaciente.com\/2025\/wp-json\/wp\/v2\/posts\/1\/revisions\/595"}],"wp:featuredmedia":[{"embeddable":true,"href":"https:\/\/www.seguridadpaciente.com\/2025\/wp-json\/wp\/v2\/media\/353"}],"wp:attachment":[{"href":"https:\/\/www.seguridadpaciente.com\/2025\/wp-json\/wp\/v2\/media?parent=1"}],"wp:term":[{"taxonomy":"category","embeddable":true,"href":"https:\/\/www.seguridadpaciente.com\/2025\/wp-json\/wp\/v2\/categories?post=1"},{"taxonomy":"post_tag","embeddable":true,"href":"https:\/\/www.seguridadpaciente.com\/2025\/wp-json\/wp\/v2\/tags?post=1"}],"curies":[{"name":"wp","href":"https:\/\/api.w.org\/{rel}","templated":true}]}}